{"id":1958,"date":"2016-02-15T14:58:54","date_gmt":"2016-02-15T14:58:54","guid":{"rendered":"https:\/\/artadi.com\/primer-embotellado-de-artadi-fuera-de-la-do-rioja-artadi-joven-2015-2\/"},"modified":"2016-02-15T14:58:54","modified_gmt":"2016-02-15T14:58:54","slug":"primer-embotellado-de-artadi-fuera-de-la-do-rioja-artadi-joven-2015-2","status":"publish","type":"post","link":"https:\/\/artadi.com\/en\/noticia\/primer-embotellado-de-artadi-fuera-de-la-do-rioja-artadi-joven-2015-2\/","title":{"rendered":"Primer embotellado de ARTADI fuera de la DO Rioja: ARTADI Joven 2015"},"content":{"rendered":"<p>&nbsp;<\/p>\n<h2>Desde hoy ya pod\u00e9is disfrutar de nuestro ARTADI Joven. Vino elaborado seg\u00fan la tradici\u00f3n de la zona a partir de la fermentaci\u00f3n de racimos y uvas enteras. Un vino lleno de personalidad destacando su juventud, naturalidad y la gran carga frutal como caracter\u00edsticas m\u00e1s notables.<\/h2>\n<p>&nbsp;<\/p>\n<p>Con origen en Laguardia, entre los 450 y 700 metros se sit\u00faan los vi\u00f1edos, asentados en suelos arcilloso-calc\u00e1reos, &nbsp;que crean este vino. Siguiendo una agricultura ecol\u00f3gica, con el m\u00e1ximo respeto al medio ambiente &nbsp;al igual que trabajamos el resto de nuestras 83 hect\u00e1reas.<\/p>\n<p>La nota de color, en este caso, la pone nuestra etiqueta, elegida por Juan Carlos L\u00f3pez de Lacalle en uno de sus m\u00faltiples viajes. &nbsp;En esta ocasi\u00f3n, la historia detr\u00e1s de la etiqueta&nbsp;la protagoniza el artista Faruk Masri Vilca, de origen chileno actualmente residiendo en Berl\u00edn.<\/p>\n<p>Juan Carlos toma las palabras de Faruk para expresar lo que es para \u00e9l este vino:<\/p>\n<address>&ldquo;Cuando los vinos se expresan desde la juventud, sus sensaciones frutales mas desenfadas, dan libertad y generan emoci\u00f3n. Cada sensaci\u00f3n es diferente aunque todas vienen de la misma madre, LA VI\u00d1A. As\u00ed se expresa Faruk Masri Vilca a trav\u00e9s de sus trazos rojos y negros y nosotros nos sentimos muy identificados con su discurso. Por este motivo, nos ha parecido muy interesante incorporar estos conceptos que unimos a nuestro vino joven ARTADI 2015 y a la nueva andadura, VI\u00d1EDOS DE ALAVA, que hemos iniciado en este 2016.&quot;<\/address>\n<p>&nbsp;<\/p>\n<p>Los entusiastas de los vinos j\u00f3venes no os pod\u00e9is perder este vino de maceraci\u00f3n carb\u00f3nica ARTADI Joven 2015.&nbsp;M\u00e1s informaci\u00f3n sobre <a href=\"\/sites\/default\/files\/fichaartadijoven2015esp.pdf\">ARTADI Joven 2015<\/a> en nuestra nota de cata:<\/p>\n<p><a href=\"http:\/\/tienda.artadi.com\/es\/vino-de-cosechero\/26-artadi-joven.html\">ARTADI Joven 2015<\/a>&nbsp;&#8211; Disponible en nuestra&nbsp;<a href=\"http:\/\/tienda.artadi.com\/es\/vino-de-cosechero\/26-artadi-joven.html\">tienda oline<\/a>&nbsp;y a trav\u00e9s de nuestros distribuidores.&nbsp;<\/p>\n<p>&nbsp;<\/p>\n<h2>ARTICULOS RELACIONADOS<\/h2>\n<p>&nbsp;<\/p>\n<p><a href=\"http:\/\/artadi.com\/noticia\/artadi-mejor-bodega-del-ano-segun-guia-penin-2014\">ARTADI, mejor bodega del a\u00f1o&nbsp; 2014 por la Gu\u00eda Pe\u00f1in<\/a><\/p>\n<p><a href=\"http:\/\/artadi.com\/noticia\/comida-japonesa-vinos-artadi\">Comida Japonesa y vinos ARTADI<\/a><\/p>\n","protected":false},"excerpt":{"rendered":"<p>&nbsp; Desde hoy ya pod\u00e9is disfrutar de nuestro ARTADI Joven. Vino elaborado seg\u00fan la tradici\u00f3n de la zona a partir de la fermentaci\u00f3n de racimos y uvas enteras. Un vino&hellip;<\/p>\n","protected":false},"author":1,"featured_media":1959,"comment_status":"open","ping_status":"open","sticky":false,"template":"","format":"standard","meta":[],"categories":[16],"tags":[],"bodega":[24],"_links":{"self":[{"href":"https:\/\/artadi.com\/en\/wp-json\/wp\/v2\/posts\/1958"}],"collection":[{"href":"https:\/\/artadi.com\/en\/wp-json\/wp\/v2\/posts"}],"about":[{"href":"https:\/\/artadi.com\/en\/wp-json\/wp\/v2\/types\/post"}],"author":[{"embeddable":true,"href":"https:\/\/artadi.com\/en\/wp-json\/wp\/v2\/users\/1"}],"replies":[{"embeddable":true,"href":"https:\/\/artadi.com\/en\/wp-json\/wp\/v2\/comments?post=1958"}],"version-history":[{"count":0,"href":"https:\/\/artadi.com\/en\/wp-json\/wp\/v2\/posts\/1958\/revisions"}],"wp:featuredmedia":[{"embeddable":true,"href":"https:\/\/artadi.com\/en\/wp-json\/wp\/v2\/media\/1959"}],"wp:attachment":[{"href":"https:\/\/artadi.com\/en\/wp-json\/wp\/v2\/media?parent=1958"}],"wp:term":[{"taxonomy":"category","embeddable":true,"href":"https:\/\/artadi.com\/en\/wp-json\/wp\/v2\/categories?post=1958"},{"taxonomy":"post_tag","embeddable":true,"href":"https:\/\/artadi.com\/en\/wp-json\/wp\/v2\/tags?post=1958"},{"taxonomy":"bodega","embeddable":true,"href":"https:\/\/artadi.com\/en\/wp-json\/wp\/v2\/bodega?post=1958"}],"curies":[{"name":"wp","href":"https:\/\/api.w.org\/{rel}","templated":true}]}}